{"id":17837,"date":"2018-05-10T08:00:17","date_gmt":"2018-05-10T08:00:17","guid":{"rendered":"https:\/\/henrykskarzynski.pl\/?p=17837"},"modified":"2018-06-23T17:38:40","modified_gmt":"2018-06-23T17:38:40","slug":"6-rocznica-otwarcia-swiatowego-centrum-sluchu","status":"publish","type":"post","link":"https:\/\/henrykskarzynski.pl\/?p=17837&lang=pl","title":{"rendered":"6 rocznica otwarcia \u015awiatowego Centrum S\u0142uchu"},"content":{"rendered":"<h3 style=\"text-align: justify;\"><strong>10\u00a0maja 2018\u00a0r. mija 6\u00a0rocznica otwarcia <a href=\"https:\/\/whc.ifps.org.pl\/\">\u015awiatowego Centrum S\u0142uchu<\/a>, niezwykle wa\u017cnej plac\u00f3wki dla rozwoju nauki i\u00a0poszukiwania nowych sposob\u00f3w diagnozowania, leczenia wad zmys\u0142\u00f3w., kt\u00f3rej\u00a0pomys\u0142odawc\u0105, tw\u00f3rc\u0105 i\u00a0dyrektorem jest <a href=\"http:\/\/konsultant-krajowy.pl\/\">prof.\u00a0Henryk Skar\u017cy\u0144ski<\/a>. Centrum zapewnia kompleksow\u0105 opiek\u0119 osobom ze\u00a0schorzeniami wad wrodzonych i\u00a0nabytych narz\u0105du s\u0142uchu, g\u0142osu, mowy i\u00a0r\u00f3wnowagi. To\u00a0nadal unikalna i\u00a0pierwsza tego typu plac\u00f3wka w\u00a0skali mi\u0119dzynarodowej.<\/strong><\/h3>\n<blockquote><p>\u2013 <em>W\u00a02012\u00a0roku wydarzy\u0142o si\u0119 co\u015b niezwykle wa\u017cnego w\u00a0polskiej medycynie i\u00a0w\u00a0polskiej nauce: powsta\u0142o \u015awiatowe Centrum S\u0142uchu.<\/em> \u2013 wspomina prof.\u00a0Henryk Skar\u017cy\u0144ski. \u2013\u00a0 <em>Co\u015b takiego nie\u00a0powstaje z\u00a0dnia na\u00a0dzie\u0144 i\u00a0nie\u00a0powstaje ka\u017cdego roku. Za\u00a0tym si\u0119 kry\u0142a praca wielu ludzi, za\u00a0tym si\u0119 kry\u0142y okre\u015blone nak\u0142ady finansowe. Ponad 120\u00a0milionowa inwestycja zosta\u0142a zrealizowana w\u00a0ci\u0105gu kilkunastu miesi\u0119cy. Ponad jedna trzecia \u015brodk\u00f3w to\u00a0by\u0142y \u015brodki wypracowane przez\u00a0zesp\u00f3\u0142. Powsta\u0142o kilka nowych zak\u0142ad\u00f3w naukowych, w\u00a0tym wiele pierwszych w\u00a0skali mi\u0119dzynarodowej, takich jak: pierwsza w\u00a0\u015bwiecie Krajowa Sie\u0107 Teleaudiologii. Tworz\u0105c za\u0142o\u017cenia i\u00a0plan dzia\u0142ania \u015awiatowego Centrum S\u0142uchu od\u00a0pocz\u0105tku widzia\u0142em je w\u00a0wielu wymiarach, kt\u00f3re dotyczy\u0142y r\u00f3\u017cnych \u015brodowisk naukowych w\u00a0obszarze nie\u00a0tylko\u00a0samej medycyny, ale\u00a0i\u00a0poza ni\u0105. Chcia\u0142em, aby powstanie tej\u00a0plac\u00f3wki gwarantowa\u0142o \u2013 poprzez aktywno\u015b\u0107 naukow\u0105 \u2013 budowanie nowego wizerunku, pozycji nauki i\u00a0medycyny polskiej na\u00a0\u015bwiecie, a\u00a0tak\u017ce pokaza\u0142o nowe kierunki dzia\u0142ania.<\/em> \u2013m\u00f3wi prof.\u00a0Skar\u017cy\u0144ski.<\/p><\/blockquote>\n<p style=\"text-align: justify;\"><a class=\"fancybox image\" href=\"https:\/\/whc.ifps.org.pl\/wp-content\/uploads\/2017\/11\/WHC-z-lotu-ptaka_300dpi.jpg\"><img loading=\"lazy\" decoding=\"async\" class=\"alignleft wp-image-24152 size-medium\" src=\"https:\/\/whc.ifps.org.pl\/wp-content\/uploads\/2017\/11\/WHC-z-lotu-ptaka_300dpi-300x180.jpg\" sizes=\"auto, (max-width: 300px) 100vw, 300px\" srcset=\"https:\/\/whc.ifps.org.pl\/wp-content\/uploads\/2017\/11\/WHC-z-lotu-ptaka_300dpi-300x180.jpg 300w, https:\/\/whc.ifps.org.pl\/wp-content\/uploads\/2017\/11\/WHC-z-lotu-ptaka_300dpi-768x461.jpg 768w, https:\/\/whc.ifps.org.pl\/wp-content\/uploads\/2017\/11\/WHC-z-lotu-ptaka_300dpi-950x570.jpg 950w\" alt=\"\" width=\"300\" height=\"180\" \/><\/a>Powstanie Centrum by\u0142o bardzo wa\u017cne dla rozwoju nauki i\u00a0poszukiwania nowych sposob\u00f3w diagnozowania i\u00a0leczenia wad zmys\u0142\u00f3w. Dzi\u015b Centrum jest zar\u00f3wno nowoczesnym szpitalem, \u015bwiadcz\u0105cym us\u0142ugi medyczne na\u00a0najwy\u017cszym \u015bwiatowym poziomie, wyposa\u017conym w\u00a0unikaln\u0105 aparatur\u0119 medyczn\u0105, z\u00a0ogromnym zapleczem technicznym, jak i\u00a0znakomicie przygotowanym Centrum Edukacyjnym, prowadz\u0105cym szeroko zakrojon\u0105 dzia\u0142alno\u015b\u0107 badawcz\u0105 i\u00a0edukacyjn\u0105 umo\u017cliwiaj\u0105c\u0105 szkolenie specjalist\u00f3w z\u00a0ca\u0142ego \u015bwiata, z\u00a0obszaru medycyny, in\u017cynierii klinicznej, logopedii, surdopedagogiki i\u00a0surdopsychologii. Przez\u00a06\u00a0lat odby\u0142y si\u0119 23\u00a0mi\u0119dzynarodowe kursy i\u00a0warsztaty naukowe \u2013 w\u00a0sumie przeszkolili\u015bmy ponad 1000\u00a0m\u0142odych lekarzy i\u00a0naukowc\u00f3w z\u00a0ca\u0142ego \u015bwiata. Interdyscyplinarny zesp\u00f3\u0142 zorganizowa\u0142 27\u00a0krajowych i\u00a0mi\u0119dzynarodowych kongres\u00f3w, konferencji i\u00a0sympozj\u00f3w, w\u00a0tym mi. n.: trzy Konferencje naukowe pt.\u00a0\u201eWytyczne w\u00a0otorynolaryngologii, audiologii i\u00a0foniatrii\u201d, I\u00a0World Tinnitus Congress and XII International Tinnitus Seminar, 4th International Symposium on Otosclerosis and Stapes Surgery. W\u00a0sumie odwiedzi\u0142o nas kilka tysi\u0119cy go\u015bci z\u00a0ca\u0142ego \u015bwiata.<\/p>\n<p style=\"text-align: justify;\">W\u00a0ci\u0105gu sze\u015bciu lat od\u00a0otwarcia \u015awiatowego Centrum S\u0142uchu prof.\u00a0Henryk Skar\u017cy\u0144ski uruchomi\u0142 tak\u017ce siedem pionierskich program\u00f3w wszczepienia nowych implant\u00f3w s\u0142uchowych typu: Codacs, Bonebridge, Baha 4\u00a0Attract System, MET, Synchrony, Vibrant Soundbridge ze\u00a0sprz\u0119gaczem LP-Coupler oraz\u00a0Cochlear OSIA OSI100. To\u00a0w\u00a0praktyce oznacza, \u017ce\u00a0polscy pacjenci w\u00a0Centrum maj\u0105 dost\u0119p do\u00a0najnowszych technologii jako pierwsi lub\u00a0jedni z\u00a0pierwszych w\u00a0\u015bwiecie. Jest to\u00a0bardzo wymierny dow\u00f3d pozycji klinicznej i\u00a0naukowej Centrum.<\/p>\n<p style=\"text-align: justify;\">Obecnie pacjenci, lekarze, naukowcy, studenci maj\u0105 do\u00a0dyspozycji ponad 20\u00a0tys. m2\u00a0powierzchni, na\u00a0kt\u00f3rej\u00a0znajduje si\u0119 m.in.: 6\u00a0sal operacyjnych, kilkadziesi\u0105t gabinet\u00f3w diagnostycznych, w\u00a0kt\u00f3rych\u00a0przyjmuje si\u0119 dziennie kilkuset pacjent\u00f3w, 2\u00a0studia multimedialne pierwszej w\u00a0\u015bwiecie <a href=\"http:\/\/telefitting.ifps.org.pl\/?site=oprojekcie\">Krajowej Sieci Teleaudiologii<\/a>, 7\u00a0sal konferencyjnych, w\u00a0kt\u00f3rych\u00a0jednorazowo mo\u017ce si\u0119 szkoli\u0107 800\u00a0os\u00f3b, a\u00a0tak\u017ce centrum edukacyjne posiadaj\u0105ce nowoczesny sprz\u0119t do\u00a0\u0107wicze\u0144 chirurgicznych na\u00a0preparatach anatomicznych i\u00a0symulatorach komputerowych, w\u00a0kt\u00f3rym\u00a0jednorazowo mo\u017ce si\u0119 szkoli\u0107 40\u00a0os\u00f3b.<\/p>\n<p style=\"text-align: justify;\">Podsumowaniem tych znakomitych osi\u0105gni\u0119\u0107 by\u0142o i\u00a0jest wiele nagr\u00f3d, kt\u00f3re przyznane zosta\u0142y w\u00a0dow\u00f3d uznania \u015brodowisk medycznych, naukowych oraz\u00a0ekspert\u00f3w z\u00a0dziedziny ekonomii, zarz\u0105dzania, a\u00a0nawet polityki i\u00a0medi\u00f3w. W\u00a0ci\u0105gu minionych 6\u00a0lat prof.\u00a0Henryk Skar\u017cy\u0144ski otrzyma\u0142 blisko 150\u00a0nagr\u00f3d, medali, dyplom\u00f3w, tytu\u0142\u00f3w honorowych, w\u00a0tym wiele szczeg\u00f3lnie wa\u017cnych: Krzy\u017c Komandorski Orderu Odrodzenia Polski, tytu\u0142 \u201eWybitnego Polaka\u201d, tytu\u0142 \u201eCz\u0142owieka Wolno\u015bci\u201d, statuetk\u0119 Wiktora, Medal Papieski Pro Ecclesia et Pontifice, medal ECCE HOMO oraz\u00a0Order U\u015bmiechu, a\u00a0tak\u017ce Medal im Miko\u0142aja Kopernika przyznany przez\u00a0Prezydium PAN, medal Archidiecezji Warszawskiej i\u00a0medal przyznanym przez\u00a0Prymasa Polski, jest tak\u017ce laureatem plebiscytu \u201eNauka to\u00a0Wolno\u015b\u0107\u201d. Zosta\u0142 uhonorowany medalami przez\u00a0w\u0142adze Politechniki Warszawskiej, Politechniki Gda\u0144skiej, Uniwersytetu im Marii Curie-Sk\u0142odowskiej w\u00a0Lublinie, Uniwersytetu Muzycznego Fryderyka Chopina w\u00a0Warszawie, Warszawskiego Uniwersytetu Medycznego, Uniwersytetu Kardyna\u0142a Stefana Wyszy\u0144skiego, Wydzia\u0142u Zarz\u0105dzania Uniwersytetu Warszawskiego oraz\u00a0SGGW w\u00a0Warszawie. Otrzyma\u0142 tak\u017ce tytu\u0142 Osobowo\u015bci Roku 2012, Specjaln\u0105 Per\u0142\u0119 Honorow\u0105, Nagrod\u0119 Gospodarcz\u0105 Prezydenta RP i\u00a0por\u00f3wnywan\u0105 z\u00a0nagrod\u0105 Nobla \u2013 Nagrod\u0119 Specjaln\u0105 Prix Galien. W\u00a0roku 2015\u00a0i\u00a02016, w\u00a0og\u0142oszonym przez\u00a0redakcj\u0119 \u201ePulsu Medycyny\u201d rankingu \u201eLista Stu\u201d, zosta\u0142 uznany za\u00a0nr\u00a01 \u2013 najbardziej wp\u0142ywow\u0105 osob\u0119 w\u00a0polskiej medycynie, a\u00a0w\u00a0pierwszej setce by\u0142 umieszczany od\u00a0pozycji 2\u00a0do\u00a046\u00a0we\u00a0wszystkich rankingach w\u00a0ci\u0105gu ostatnich 12\u00a0lat.<\/p>\n<p style=\"text-align: justify;\">W\u00a0ci\u0105gu minionych 6\u00a0lat wyr\u00f3\u017cnieni zostali tak\u017ce pozostali cz\u0142onkowie Dyrekcji oraz\u00a0Pracownicy: Krzy\u017cem Oficerskim Orderu Odrodzenia Polski \u2013 dyr.\u00a0Jerzy Mazur, Zast\u0119pca Dyrektora ds.\u00a0Administracyjnych, Krzy\u017cem Kawalerskim Orderu Odrodzenia Polski \u2013 dr\u00a0Witold Cie\u015bla, Zast\u0119pca Dyrektora IFPS ds.\u00a0Medycznych, oraz\u00a0prof.\u00a0nadzw. dr\u00a0hab. med. in\u017c.\u00a0Krzysztof Kochanek, Sekretarz Naukowy IFPS.<\/p>\n<p style=\"text-align: justify;\">Ponadto za\u00a0zas\u0142ugi w\u00a0dzia\u0142alno\u015bci na\u00a0rzecz ochrony zdrowia Prezydent RP przyzna\u0142:<\/p>\n<p style=\"text-align: justify;\">Z\u0142ote Krzy\u017ce Zas\u0142ugi:<\/p>\n<ol style=\"text-align: justify;\">\n<li>Anna Geremek \u2013 Samsonowicz<\/li>\n<li>Andrzej Graniewski<\/li>\n<li>Agata Szkie\u0142kowska<\/li>\n<\/ol>\n<p style=\"text-align: justify;\">Srebrnym Krzy\u017cem Zas\u0142ugi:<\/p>\n<ol style=\"text-align: justify;\">\n<li>Barbara Alicja Buniowska<\/li>\n<li>Tadeusz Janusz Lewandowski<\/li>\n<li>Artur Lorens<\/li>\n<li>Maciej Marcin Mr\u00f3wka<\/li>\n<li>Marek Porowski<\/li>\n<li>Ma\u0142gorzata Uszy\u0144ska-Tuzinek<\/li>\n<li>El\u017cbieta Anna W\u0142odarczyk<\/li>\n<\/ol>\n<p style=\"text-align: justify;\">Br\u0105zowe Krzy\u017ce Zas\u0142ugi:<\/p>\n<ol style=\"text-align: justify;\">\n<li>Rafa\u0142 Bereszczy\u0144ski<\/li>\n<li>Barbara Budzik<\/li>\n<li>Danuta Kral<\/li>\n<li>Ma\u0142gorzata Lisicka<\/li>\n<li>Katarzyna \u0141az\u0119cka<\/li>\n<li>Tomasz Mazur<\/li>\n<li>Paulina M\u0142otkowska-Klimek<\/li>\n<li>Anita Obrycka<\/li>\n<li>Agnieszka Pankowska<\/li>\n<li>Anna Piotrowska<\/li>\n<li>Joanna Raty\u0144ska<\/li>\n<li>Jolanta Serafin-J\u00f3\u017awiak<\/li>\n<li>Piotr Sopli\u0144ski<\/li>\n<li>Gra\u017cyna Tacikowska<\/li>\n<li>Wies\u0142aw Wiktor J\u0119drzejczak<\/li>\n<li>Joanna Maria Kobosko<\/li>\n<li>Paulina Beata M\u0142otkowska-Klimek<\/li>\n<li>Adam Tadeusz Pi\u0142ka<\/li>\n<li>Danuta Raj- Koziak<\/li>\n<li>Gra\u017cyna Anna Tacikowska<\/li>\n<li>Adam Walkowiak<\/li>\n<li>Iwona Ewa W\u00f3jcicka<\/li>\n<\/ol>\n<p style=\"text-align: justify;\">Decyzj\u0105 Ministra Zdrowia, za\u00a0zas\u0142ugi dla ochrony zdrowia, odznak\u0105 honorow\u0105 wyr\u00f3\u017cnieni zostali:<\/p>\n<ol style=\"text-align: justify;\">\n<li>Gra\u017cyna Bartnik<\/li>\n<li>Jadwiga Bruska<\/li>\n<li>Barbara Buniowska<\/li>\n<li>Ma\u0142gorzata Kaniewska<\/li>\n<li>Krystyna Kaszewska<\/li>\n<li>Lidia K\u0142onica<\/li>\n<li>Maria Zalewska<\/li>\n<\/ol>\n<p style=\"text-align: justify;\">Medalem Z\u0142otym za\u00a0d\u0142ugoletni\u0105 s\u0142u\u017cb\u0119<\/p>\n<ol style=\"text-align: justify;\">\n<li>Teresa Barbara Bednarczyk<\/li>\n<li>Alicja Ma\u0142gorzata Czepczarz<\/li>\n<li>Ma\u0142gorzata Jolanta Przestrzelska<\/li>\n<li>Ma\u0142gorzata Zegar<\/li>\n<\/ol>\n<p style=\"text-align: justify;\">Medalem Srebrnym za\u00a0d\u0142ugoletni\u0105 s\u0142u\u017cb\u0119<\/p>\n<ol style=\"text-align: justify;\">\n<li>Ma\u0142gorzata J\u00f3\u017awiak<\/li>\n<li>Maria Wanda Matuszewska<\/li>\n<li>Anna Mazur<\/li>\n<\/ol>\n<p style=\"text-align: justify;\">Medalem Br\u0105zowym za\u00a0d\u0142ugoletni\u0105 s\u0142u\u017cb\u0119<\/p>\n<ol style=\"text-align: justify;\">\n<li>Robert Nowotka<\/li>\n<li>Aneta Monika Olkowska<\/li>\n<\/ol>\n<p style=\"text-align: justify;\">Odznak\u0105 Honorow\u0105<\/p>\n<ol style=\"text-align: justify;\">\n<li>Ma\u0142gorzata Janina Ganc<\/li>\n<li>Bogus\u0142awa G\u0105gol<\/li>\n<li>Lucyna Karpiesz<\/li>\n<li>Krystyna Maria Kili\u0144ska<\/li>\n<li>Maria Ludwiszewska<\/li>\n<li>Aleksandra Iwona Prawicz<\/li>\n<\/ol>\n<p style=\"text-align: justify;\">W\u00a0roku 100\u00a0rocznicy odzyskania przez\u00a0Polsk\u0119 Niepodleg\u0142o\u015bci, podczas Dnia Flagi, Prezydent RP Andrzej Duda wr\u0119czy\u0142 flagi pa\u0144stwowe wyr\u00f3\u017cnionym organizacjom, w\u00a0tym Instytutowi Fizjologii i\u00a0Patologii S\u0142uchu.<\/p>\n<p style=\"text-align: justify;\">Centrum to\u00a0wizyt\u00f3wka polskiej medycyny. Osi\u0105gni\u0119cia zespo\u0142u od\u00a0pocz\u0105tku by\u0142y dostrzegane i\u00a0nagradzane przez\u00a0przedstawicieli najwy\u017cszych w\u0142adz w\u00a0Polsce. Centrum by\u0142o wielokrotnie odwiedzane przez\u00a0przedstawicieli rz\u0105du, parlamentu oraz\u00a0zagraniczne delegacje. O\u015brodek zwiedza\u0142y tak\u017ce Pierwsze Damy Polski, S\u0142owacji, Rosji, Azerbejd\u017canu, Ukrainy i\u00a0Estonii. W\u00a0Kajetanach go\u015bcili tak\u017ce Prezydenci \u015awiatowych i\u00a0Europejskich Towarzystw Naukowych, Ambasadorowie wielu kraj\u00f3w \u015bwiata.<\/p>\n<p style=\"text-align: justify;\">W\u00a0przychodniach Centrum otolaryngolodzy, audiolodzy, foniatrzy, logopedzi, surdopedagodzy, psycholodzy, in\u017cynierowie kliniczni oraz\u00a0technicy udzielaj\u0105 i\u00a0przeprowadzaj\u0105 rocznie ponad 200\u00a0000\u00a0konsultacji i\u00a0bada\u0144.<\/p>\n<p style=\"text-align: justify;\">Dziennie w\u00a0Centrum, przeprowadzanych jest oko\u0142o 60 \u2013 70\u00a0operacji poprawiaj\u0105cych s\u0142uch \u2013 najwi\u0119cej w\u00a0\u015bwiecie w\u00a0zakresie otorynolaryngologii, audiologii i\u00a0foniatrii. Na\u00a0szczeg\u00f3ln\u0105 uwag\u0119 zas\u0142uguje wszczepienie dotychczas ponad 6\u00a0500\u00a0implant\u00f3w s\u0142uchowych, co sytuuje o\u015brodek w\u00a0czo\u0142\u00f3wce \u015bwiatowej. Z\u00a0r\u00f3\u017cnych form pomocy skorzysta\u0142o dotychczas ponad 3,5\u00a0mln os\u00f3b. Plac\u00f3wka ta, to\u00a0tak\u017ce dobrze dzia\u0142aj\u0105ce i\u00a0zorganizowane przedsi\u0119biorstwo, kt\u00f3re daje prac\u0119 ponad 450\u00a0pracownikom.<\/p>\n","protected":false},"excerpt":{"rendered":"<p>10\u00a0maja 2018\u00a0r. mija 6\u00a0rocznica otwarcia \u015awiatowego Centrum S\u0142uchu, niezwykle wa\u017cnej plac\u00f3wki dla rozwoju nauki i\u00a0poszukiwania nowych sposob\u00f3w diagnozowania, leczenia wad zmys\u0142\u00f3w., kt\u00f3rej\u00a0pomys\u0142odawc\u0105, tw\u00f3rc\u0105 i\u00a0dyrektorem jest prof.\u00a0Henryk Skar\u017cy\u0144ski. Centrum zapewnia kompleksow\u0105 opiek\u0119 osobom ze\u00a0schorzeniami wad wrodzonych i\u00a0nabytych narz\u0105du s\u0142uchu, g\u0142osu, mowy ..<\/p>\n<div class=\"reading\"><a href=\"https:\/\/henrykskarzynski.pl\/?p=17837&#038;lang=pl\">&gt;&gt;&gt;<\/a><\/div>\n","protected":false},"author":4,"featured_media":17451,"comment_status":"closed","ping_status":"closed","sticky":false,"template":"","format":"standard","meta":{"footnotes":""},"categories":[50],"tags":[975,1372,1362,817,1306,368,1205,1044,1124,479,1374,1517,1410,815,1404,1491,1416,1441,787,854,374,1445,1382,1300,463],"class_list":["post-17837","post","type-post","status-publish","format-standard","has-post-thumbnail","hentry","category-aktualnosci-pl","tag-dyplom","tag-glos","tag-inzynierowie","tag-krajowa-siec-teleaudiologii","tag-kurs","tag-lion","tag-lista-stu","tag-medal","tag-medal-papieski","tag-medale","tag-mowa","tag-order","tag-plebiscyt","tag-prix-galien","tag-przyznany","tag-pulsu-medycyny","tag-rocznica","tag-rzym","tag-sluch","tag-studenci","tag-swiatowe-centrum-sluchu","tag-swiatowego-centrum-sluchu","tag-szpital","tag-urs","tag-warsztaty"],"jetpack_featured_media_url":"https:\/\/henrykskarzynski.pl\/wp-content\/uploads\/2018\/06\/WHC-z-lotu-ptaka_300dpi.jpg","_links":{"self":[{"href":"https:\/\/henrykskarzynski.pl\/index.php?rest_route=\/wp\/v2\/posts\/17837","targetHints":{"allow":["GET"]}}],"collection":[{"href":"https:\/\/henrykskarzynski.pl\/index.php?rest_route=\/wp\/v2\/posts"}],"about":[{"href":"https:\/\/henrykskarzynski.pl\/index.php?rest_route=\/wp\/v2\/types\/post"}],"author":[{"embeddable":true,"href":"https:\/\/henrykskarzynski.pl\/index.php?rest_route=\/wp\/v2\/users\/4"}],"replies":[{"embeddable":true,"href":"https:\/\/henrykskarzynski.pl\/index.php?rest_route=%2Fwp%2Fv2%2Fcomments&post=17837"}],"version-history":[{"count":0,"href":"https:\/\/henrykskarzynski.pl\/index.php?rest_route=\/wp\/v2\/posts\/17837\/revisions"}],"wp:featuredmedia":[{"embeddable":true,"href":"https:\/\/henrykskarzynski.pl\/index.php?rest_route=\/wp\/v2\/media\/17451"}],"wp:attachment":[{"href":"https:\/\/henrykskarzynski.pl\/index.php?rest_route=%2Fwp%2Fv2%2Fmedia&parent=17837"}],"wp:term":[{"taxonomy":"category","embeddable":true,"href":"https:\/\/henrykskarzynski.pl\/index.php?rest_route=%2Fwp%2Fv2%2Fcategories&post=17837"},{"taxonomy":"post_tag","embeddable":true,"href":"https:\/\/henrykskarzynski.pl\/index.php?rest_route=%2Fwp%2Fv2%2Ftags&post=17837"}],"curies":[{"name":"wp","href":"https:\/\/api.w.org\/{rel}","templated":true}]}}